{"id":1168,"date":"2024-03-27T10:53:01","date_gmt":"2024-03-27T10:53:01","guid":{"rendered":"https:\/\/univerziada.stuba.sk\/?p=1168"},"modified":"2024-04-04T07:20:23","modified_gmt":"2024-04-04T07:20:23","slug":"prihovor-prorektora-pre-informatizaciu-a-sport-a-zaroven-predsedu-organizacneho-vyboru-letnej-univerziady-2024-lu-2024","status":"publish","type":"post","link":"https:\/\/univerziada.stuba.sk\/?p=1168","title":{"rendered":"Pr\u00edhovor prorektora pre informatiz\u00e1ciu a \u0161port a z\u00e1rove\u0148 predsedu organiza\u010dn\u00e9ho v\u00fdboru Letnej Univerzi\u00e1dy SR 2024"},"content":{"rendered":"\t\t<div data-elementor-type=\"wp-post\" data-elementor-id=\"1168\" class=\"elementor elementor-1168\" data-elementor-post-type=\"post\">\n\t\t\t\t<div class=\"elementor-element elementor-element-28817e1 e-flex e-con-boxed e-con e-parent\" data-id=\"28817e1\" data-element_type=\"container\">\n\t\t\t\t\t<div class=\"e-con-inner\">\n\t\t\t\t<div class=\"elementor-element elementor-element-4a92c12 elementor-widget elementor-widget-image\" data-id=\"4a92c12\" data-element_type=\"widget\" data-widget_type=\"image.default\">\n\t\t\t\t<div class=\"elementor-widget-container\">\n\t\t\t<style>\/*! elementor - v3.23.0 - 05-08-2024 *\/\n.elementor-widget-image{text-align:center}.elementor-widget-image a{display:inline-block}.elementor-widget-image a img[src$=\".svg\"]{width:48px}.elementor-widget-image img{vertical-align:middle;display:inline-block}<\/style>\t\t\t\t\t\t\t\t\t\t<img decoding=\"async\" width=\"109\" height=\"187\" src=\"https:\/\/univerziada.stuba.sk\/wp-content\/uploads\/2024\/03\/univerziada_logo-e1710279978826.png\" class=\"attachment-large size-large wp-image-81\" alt=\"Letn\u00e1 univerzi\u00e1da SR\" \/>\t\t\t\t\t\t\t\t\t\t\t\t\t<\/div>\n\t\t\t\t<\/div>\n\t\t\t\t<div class=\"elementor-element elementor-element-e143d14 elementor-widget elementor-widget-theme-post-title elementor-page-title elementor-widget-heading\" data-id=\"e143d14\" data-element_type=\"widget\" data-widget_type=\"theme-post-title.default\">\n\t\t\t\t<div class=\"elementor-widget-container\">\n\t\t\t<style>\/*! elementor - v3.23.0 - 05-08-2024 *\/\n.elementor-heading-title{padding:0;margin:0;line-height:1}.elementor-widget-heading .elementor-heading-title[class*=elementor-size-]>a{color:inherit;font-size:inherit;line-height:inherit}.elementor-widget-heading .elementor-heading-title.elementor-size-small{font-size:15px}.elementor-widget-heading .elementor-heading-title.elementor-size-medium{font-size:19px}.elementor-widget-heading .elementor-heading-title.elementor-size-large{font-size:29px}.elementor-widget-heading .elementor-heading-title.elementor-size-xl{font-size:39px}.elementor-widget-heading .elementor-heading-title.elementor-size-xxl{font-size:59px}<\/style><h1 class=\"elementor-heading-title elementor-size-default\">Pr\u00edhovor prorektora pre informatiz\u00e1ciu a \u0161port a z\u00e1rove\u0148 predsedu organiza\u010dn\u00e9ho v\u00fdboru Letnej Univerzi\u00e1dy SR 2024<\/h1>\t\t<\/div>\n\t\t\t\t<\/div>\n\t\t\t\t<div class=\"elementor-element elementor-element-be07f28 elementor-widget elementor-widget-spacer\" data-id=\"be07f28\" data-element_type=\"widget\" data-widget_type=\"spacer.default\">\n\t\t\t\t<div class=\"elementor-widget-container\">\n\t\t\t<style>\/*! elementor - v3.23.0 - 05-08-2024 *\/\n.elementor-column .elementor-spacer-inner{height:var(--spacer-size)}.e-con{--container-widget-width:100%}.e-con-inner>.elementor-widget-spacer,.e-con>.elementor-widget-spacer{width:var(--container-widget-width,var(--spacer-size));--align-self:var(--container-widget-align-self,initial);--flex-shrink:0}.e-con-inner>.elementor-widget-spacer>.elementor-widget-container,.e-con>.elementor-widget-spacer>.elementor-widget-container{height:100%;width:100%}.e-con-inner>.elementor-widget-spacer>.elementor-widget-container>.elementor-spacer,.e-con>.elementor-widget-spacer>.elementor-widget-container>.elementor-spacer{height:100%}.e-con-inner>.elementor-widget-spacer>.elementor-widget-container>.elementor-spacer>.elementor-spacer-inner,.e-con>.elementor-widget-spacer>.elementor-widget-container>.elementor-spacer>.elementor-spacer-inner{height:var(--container-widget-height,var(--spacer-size))}.e-con-inner>.elementor-widget-spacer.elementor-widget-empty,.e-con>.elementor-widget-spacer.elementor-widget-empty{position:relative;min-height:22px;min-width:22px}.e-con-inner>.elementor-widget-spacer.elementor-widget-empty .elementor-widget-empty-icon,.e-con>.elementor-widget-spacer.elementor-widget-empty .elementor-widget-empty-icon{position:absolute;top:0;bottom:0;left:0;right:0;margin:auto;padding:0;width:22px;height:22px}<\/style>\t\t<div class=\"elementor-spacer\">\n\t\t\t<div class=\"elementor-spacer-inner\"><\/div>\n\t\t<\/div>\n\t\t\t\t<\/div>\n\t\t\t\t<\/div>\n\t\t\t\t\t<\/div>\n\t\t\t\t<\/div>\n\t\t<div class=\"elementor-element elementor-element-cca875c e-flex e-con-boxed e-con e-parent\" data-id=\"cca875c\" data-element_type=\"container\">\n\t\t\t\t\t<div class=\"e-con-inner\">\n\t\t\t\t<div class=\"elementor-element elementor-element-b66aadd elementor-widget elementor-widget-text-editor\" data-id=\"b66aadd\" data-element_type=\"widget\" data-widget_type=\"text-editor.default\">\n\t\t\t\t<div class=\"elementor-widget-container\">\n\t\t\t<style>\/*! elementor - v3.23.0 - 05-08-2024 *\/\n.elementor-widget-text-editor.elementor-drop-cap-view-stacked .elementor-drop-cap{background-color:#69727d;color:#fff}.elementor-widget-text-editor.elementor-drop-cap-view-framed .elementor-drop-cap{color:#69727d;border:3px solid;background-color:transparent}.elementor-widget-text-editor:not(.elementor-drop-cap-view-default) .elementor-drop-cap{margin-top:8px}.elementor-widget-text-editor:not(.elementor-drop-cap-view-default) .elementor-drop-cap-letter{width:1em;height:1em}.elementor-widget-text-editor .elementor-drop-cap{float:left;text-align:center;line-height:1;font-size:50px}.elementor-widget-text-editor .elementor-drop-cap-letter{display:inline-block}<\/style>\t\t\t\t<p>V\u00e1\u017een\u00e9 d\u00e1my, v\u00e1\u017een\u00ed p\u00e1ni, ctihodn\u00ed \u0161portovci, tr\u00e9neri, rozhodcovia, dobrovo\u013en\u00edci, \u010dlenovia organiza\u010dn\u00e9ho t\u00edmu, hostia.<\/p><p><span style=\"font-weight: normal;\">Je mi nesmiernou c\u0165ou priv\u00edta\u0165 V\u00e1s na str\u00e1nkach<\/span> Letnej Univerzi\u00e1dy 2024, ktor\u00e1 sa bude kona\u0165 v\u00a0d\u0148och 1.\u00a0a\u017e\u00a06.\u00a0septembra 2024.<span style=\"font-weight: normal;\"> LU2024 je organizovan\u00e1 pod z\u00e1\u0161titou a\u00a0za podpory Ministerstva \u0161kolstva,\u00a0v\u00fdskumu, v\u00fdvoja a\u00a0ml\u00e1de\u017ee\u00a0Slovenskej republiky (M\u0160VVaM SR), za podpory.Slovenskej asoci\u00e1cie univerzitn\u00e9ho \u0161portu (SAU\u0160) a\u00a0samotn\u00fdm organiz\u00e1torom &#8211; Slovenskou technickou univerzitou v Bratislave (STU BA), s\u00a0akt\u00edvnym pr\u00edstupom katedier telesnej v\u00fdchovy, jednotliv\u00fdch zlo\u017eiek STU, a \u010fal\u0161\u00edch partnerov.<\/span><\/p><p><span style=\"font-weight: normal;\">Podujatie, ako udalos\u0165 roka 2024 na STU, symbolizuje vrchol \u0161portov\u00e9ho ducha a\u00a0s\u00fa\u0165a\u017eivosti v\u00a0kontexte cel\u00e9ho univerzitn\u00e9ho prostredia Slovenskej republiky. Je v\u00fdrazom spolo\u010dn\u00e9ho \u00fasilia a podpory Slovenskej technickej univerzity v Bratislave (STU), jej kolekt\u00edvnych org\u00e1nov a vedenia, ktor\u00fdm patr\u00ed m\u00f4j hlbok\u00fd obdiv a v\u010faka.<\/span><\/p><p><span style=\"font-weight: normal;\">\u0160peci\u00e1lne \u010fakujem v\u0161etk\u00fdm fakult\u00e1m STU a predov\u0161etk\u00fdm Katedr\u00e1m telesnej v\u00fdchovy, ktor\u00e9 sa podie\u013eaj\u00fa na organiz\u00e1cii tohto grandi\u00f3zneho \u0161portov\u00e9ho sviatku. Va\u0161a neust\u00e1la podpora a spolupr\u00e1ca s\u00fa z\u00e1kladn\u00fdmi piliermi \u00faspechu Letnej Univerzi\u00e1dy 2024. S\u00fa d\u00f4kazom n\u00e1\u0161ho spolo\u010dn\u00e9ho z\u00e1v\u00e4zku vo\u010di podpore zdrav\u00e9ho \u017eivotn\u00e9ho \u0161t\u00fdlu a \u0161portov\u00e9ho ducha v na\u0161ej akademickej komunite.<\/span><\/p><p><span style=\"font-weight: normal;\">S rados\u0165ou V\u00e1s informujem, \u017ee Letn\u00e1 Univerzi\u00e1da 2024 priv\u00edta cca 800 \u00fa\u010dastn\u00edkov, 700 ne\u00fanavn\u00fdch \u0161portovcov a 100 fair-play rozhodcov, technick\u00fdch pracovn\u00edkov, tr\u00e9nerov, dobrovo\u013en\u00edkov a \u010dlenov organiza\u010dn\u00e9ho t\u00edmu. S\u00fa\u0165a\u017ei\u0165 sa bude v 14 \u0161portoch a 80 discipl\u00ednach, \u010d\u00edm sa zabezpe\u010d\u00ed bohat\u00fd a rozmanit\u00fd \u0161portov\u00fd program. Pridanie e-\u0161portov do zoznamu s\u00fa\u0165a\u017en\u00fdch discipl\u00edn je symbolom na\u0161ej otvorenosti k nov\u00fdm trendom a inov\u00e1ci\u00e1m, ako aj n\u00e1\u0161ho z\u00e1v\u00e4zku vo\u010di podpore v\u0161estrann\u00e9ho rozvoja na\u0161ich \u0161tudentov \u2013 nielen fyzick\u00e9ho, ale aj ment\u00e1lneho zdravia. \u010eakujeme SAU\u0160, ktor\u00e1 n\u00e1m umo\u017enila prv\u00fd kr\u00e1t v hist\u00f3rii organiz\u00e1cie LU, zaradi\u0165 e-\u0161porty v prezenta\u010dnej forme do zoznamu ofici\u00e1lnych \u0161portov.<\/span><\/p><p><span style=\"font-weight: normal;\">Te\u0161\u00edme sa na s\u00fa\u0165a\u017ee nielen priestoroch \u0161portov\u00edsk v Bratislave, ale aj na Materi\u00e1lovo-technologickej fakulte v Trnave, kde sa uskuto\u010dnia preteky v plaveck\u00fdch discipl\u00ednach. T\u00e1to geografick\u00e1 rozmanitos\u0165 len pod\u010diarkuje komplexnos\u0165 a \u0161\u00edrku n\u00e1\u0161ho programu a na\u0161u snahu zapoji\u0165 \u0161irok\u00e9 spektrum \u0161portov\u00fdch talentov.<\/span><\/p><p><span style=\"font-weight: normal;\">Na z\u00e1ver by som s hlbok\u00fdm pocitom v\u010faky a o\u010dak\u00e1vania vyjadril rados\u0165 z bl\u00ed\u017eiacich sa dn\u00ed pln\u00fdch \u0161portov\u00e9ho nad\u0161enia, priate\u013estva a vz\u00e1jomnej podpory. Nech je Letn\u00e1 Univerzi\u00e1da 2024 svetlom in\u0161pir\u00e1cie a dokladom toho, \u010do m\u00f4\u017eeme dosiahnu\u0165 spolo\u010dn\u00fdm \u00fasil\u00edm!<\/span><\/p><p><span style=\"font-weight: normal;\">\u010eakujem v\u00e1m za pozornos\u0165 a te\u0161\u00edm sa na Va\u0161u \u00fa\u010das\u0165 a spolo\u010dn\u00e9 \u00faspechy, ktor\u00e9 n\u00e1s v\u00a0r\u00e1mci LU2024 \u010dakaj\u00fa.<\/span><\/p><p>\u0160portujte s nami!<\/p><p><span style=\"font-weight: normal;\"><i>\u0160tefan Stanko<br \/>prorektor STU<\/i><\/span><\/p>\t\t\t\t\t\t<\/div>\n\t\t\t\t<\/div>\n\t\t\t\t\t<\/div>\n\t\t\t\t<\/div>\n\t\t\t\t<\/div>\n\t\t","protected":false},"excerpt":{"rendered":"<p>V\u00e1\u017een\u00e9 d\u00e1my, v\u00e1\u017een\u00ed p\u00e1ni, ctihodn\u00ed \u0161portovci, tr\u00e9neri, rozhodcovia, dobrovo\u013en\u00edci, \u010dlenovia organiza\u010dn\u00e9ho t\u00edmu, hostia. Je mi nesmiernou c\u0165ou priv\u00edta\u0165 V\u00e1s na str\u00e1nkach Letnej Univerzi\u00e1dy 2024, ktor\u00e1 sa bude kona\u0165 v\u00a0d\u0148och 1.\u00a0a\u017e\u00a06.\u00a0septembra 2024. LU2024 je organizovan\u00e1 pod z\u00e1\u0161titou a\u00a0za podpory Ministerstva \u0161kolstva,\u00a0v\u00fdskumu, v\u00fdvoja a\u00a0ml\u00e1de\u017ee\u00a0Slovenskej republiky (M\u0160VVaM SR), za podpory.Slovenskej asoci\u00e1cie univerzitn\u00e9ho \u0161portu (SAU\u0160) a\u00a0samotn\u00fdm organiz\u00e1torom &#8211; Slovenskou [&hellip;]<\/p>\n","protected":false},"author":1,"featured_media":81,"comment_status":"closed","ping_status":"open","sticky":false,"template":"","format":"standard","meta":{"footnotes":""},"categories":[9],"tags":[],"class_list":["post-1168","post","type-post","status-publish","format-standard","has-post-thumbnail","hentry","category-prihovory"],"yoast_head":"<!-- This site is optimized with the Yoast SEO plugin v23.3 - https:\/\/yoast.com\/wordpress\/plugins\/seo\/ -->\n<title>Pr\u00edhovor prorektora pre informatiz\u00e1ciu a \u0161port a z\u00e1rove\u0148 predsedu organiza\u010dn\u00e9ho v\u00fdboru Letnej Univerzi\u00e1dy SR 2024 - Univerziada<\/title>\n<meta name=\"robots\" content=\"index, follow, max-snippet:-1, max-image-preview:large, max-video-preview:-1\" \/>\n<link rel=\"canonical\" href=\"https:\/\/univerziada.stuba.sk\/?p=1168\" \/>\n<meta property=\"og:locale\" content=\"en_US\" \/>\n<meta property=\"og:type\" content=\"article\" \/>\n<meta property=\"og:title\" content=\"Pr\u00edhovor prorektora pre informatiz\u00e1ciu a \u0161port a z\u00e1rove\u0148 predsedu organiza\u010dn\u00e9ho v\u00fdboru Letnej Univerzi\u00e1dy SR 2024 - Univerziada\" \/>\n<meta property=\"og:description\" content=\"V\u00e1\u017een\u00e9 d\u00e1my, v\u00e1\u017een\u00ed p\u00e1ni, ctihodn\u00ed \u0161portovci, tr\u00e9neri, rozhodcovia, dobrovo\u013en\u00edci, \u010dlenovia organiza\u010dn\u00e9ho t\u00edmu, hostia. Je mi nesmiernou c\u0165ou priv\u00edta\u0165 V\u00e1s na str\u00e1nkach Letnej Univerzi\u00e1dy 2024, ktor\u00e1 sa bude kona\u0165 v\u00a0d\u0148och 1.\u00a0a\u017e\u00a06.\u00a0septembra 2024. LU2024 je organizovan\u00e1 pod z\u00e1\u0161titou a\u00a0za podpory Ministerstva \u0161kolstva,\u00a0v\u00fdskumu, v\u00fdvoja a\u00a0ml\u00e1de\u017ee\u00a0Slovenskej republiky (M\u0160VVaM SR), za podpory.Slovenskej asoci\u00e1cie univerzitn\u00e9ho \u0161portu (SAU\u0160) a\u00a0samotn\u00fdm organiz\u00e1torom &#8211; Slovenskou [&hellip;]\" \/>\n<meta property=\"og:url\" content=\"https:\/\/univerziada.stuba.sk\/?p=1168\" \/>\n<meta property=\"og:site_name\" content=\"Univerziada\" \/>\n<meta property=\"article:published_time\" content=\"2024-03-27T10:53:01+00:00\" \/>\n<meta property=\"article:modified_time\" content=\"2024-04-04T07:20:23+00:00\" \/>\n<meta property=\"og:image\" content=\"https:\/\/univerziada.stuba.sk\/wp-content\/uploads\/2024\/03\/univerziada_logo-e1710279978826.png\" \/>\n\t<meta property=\"og:image:width\" content=\"109\" \/>\n\t<meta property=\"og:image:height\" content=\"187\" \/>\n\t<meta property=\"og:image:type\" content=\"image\/png\" \/>\n<meta name=\"author\" content=\"admin\" \/>\n<meta name=\"twitter:card\" content=\"summary_large_image\" \/>\n<meta name=\"twitter:label1\" content=\"Written by\" \/>\n\t<meta name=\"twitter:data1\" content=\"admin\" \/>\n\t<meta name=\"twitter:label2\" content=\"Est. reading time\" \/>\n\t<meta name=\"twitter:data2\" content=\"3 minutes\" \/>\n<script type=\"application\/ld+json\" class=\"yoast-schema-graph\">{\"@context\":\"https:\/\/schema.org\",\"@graph\":[{\"@type\":\"Article\",\"@id\":\"https:\/\/univerziada.stuba.sk\/?p=1168#article\",\"isPartOf\":{\"@id\":\"https:\/\/univerziada.stuba.sk\/?p=1168\"},\"author\":{\"name\":\"admin\",\"@id\":\"https:\/\/univerziada.stuba.sk\/#\/schema\/person\/57d0556d270be0e61096cab369d3c470\"},\"headline\":\"Pr\u00edhovor prorektora pre informatiz\u00e1ciu a \u0161port a z\u00e1rove\u0148 predsedu organiza\u010dn\u00e9ho v\u00fdboru Letnej Univerzi\u00e1dy SR 2024\",\"datePublished\":\"2024-03-27T10:53:01+00:00\",\"dateModified\":\"2024-04-04T07:20:23+00:00\",\"mainEntityOfPage\":{\"@id\":\"https:\/\/univerziada.stuba.sk\/?p=1168\"},\"wordCount\":538,\"publisher\":{\"@id\":\"https:\/\/univerziada.stuba.sk\/#organization\"},\"image\":{\"@id\":\"https:\/\/univerziada.stuba.sk\/?p=1168#primaryimage\"},\"thumbnailUrl\":\"https:\/\/univerziada.stuba.sk\/wp-content\/uploads\/2024\/03\/univerziada_logo-e1710279978826.png\",\"articleSection\":[\"PR\u00cdHOVORY\"],\"inLanguage\":\"en-US\"},{\"@type\":\"WebPage\",\"@id\":\"https:\/\/univerziada.stuba.sk\/?p=1168\",\"url\":\"https:\/\/univerziada.stuba.sk\/?p=1168\",\"name\":\"Pr\u00edhovor prorektora pre informatiz\u00e1ciu a \u0161port a z\u00e1rove\u0148 predsedu organiza\u010dn\u00e9ho v\u00fdboru Letnej Univerzi\u00e1dy SR 2024 - Univerziada\",\"isPartOf\":{\"@id\":\"https:\/\/univerziada.stuba.sk\/#website\"},\"primaryImageOfPage\":{\"@id\":\"https:\/\/univerziada.stuba.sk\/?p=1168#primaryimage\"},\"image\":{\"@id\":\"https:\/\/univerziada.stuba.sk\/?p=1168#primaryimage\"},\"thumbnailUrl\":\"https:\/\/univerziada.stuba.sk\/wp-content\/uploads\/2024\/03\/univerziada_logo-e1710279978826.png\",\"datePublished\":\"2024-03-27T10:53:01+00:00\",\"dateModified\":\"2024-04-04T07:20:23+00:00\",\"breadcrumb\":{\"@id\":\"https:\/\/univerziada.stuba.sk\/?p=1168#breadcrumb\"},\"inLanguage\":\"en-US\",\"potentialAction\":[{\"@type\":\"ReadAction\",\"target\":[\"https:\/\/univerziada.stuba.sk\/?p=1168\"]}]},{\"@type\":\"ImageObject\",\"inLanguage\":\"en-US\",\"@id\":\"https:\/\/univerziada.stuba.sk\/?p=1168#primaryimage\",\"url\":\"https:\/\/univerziada.stuba.sk\/wp-content\/uploads\/2024\/03\/univerziada_logo-e1710279978826.png\",\"contentUrl\":\"https:\/\/univerziada.stuba.sk\/wp-content\/uploads\/2024\/03\/univerziada_logo-e1710279978826.png\",\"width\":109,\"height\":187,\"caption\":\"Letn\u00e1 univerzi\u00e1da SR\"},{\"@type\":\"BreadcrumbList\",\"@id\":\"https:\/\/univerziada.stuba.sk\/?p=1168#breadcrumb\",\"itemListElement\":[{\"@type\":\"ListItem\",\"position\":1,\"name\":\"Home\",\"item\":\"https:\/\/univerziada.stuba.sk\/\"},{\"@type\":\"ListItem\",\"position\":2,\"name\":\"Pr\u00edhovor prorektora pre informatiz\u00e1ciu a \u0161port a z\u00e1rove\u0148 predsedu organiza\u010dn\u00e9ho v\u00fdboru Letnej Univerzi\u00e1dy SR 2024\"}]},{\"@type\":\"WebSite\",\"@id\":\"https:\/\/univerziada.stuba.sk\/#website\",\"url\":\"https:\/\/univerziada.stuba.sk\/\",\"name\":\"Univerziada\",\"description\":\"Letn\u00e1 univerzi\u00e1da Slovenskej republiky 2024\",\"publisher\":{\"@id\":\"https:\/\/univerziada.stuba.sk\/#organization\"},\"potentialAction\":[{\"@type\":\"SearchAction\",\"target\":{\"@type\":\"EntryPoint\",\"urlTemplate\":\"https:\/\/univerziada.stuba.sk\/?s={search_term_string}\"},\"query-input\":\"required name=search_term_string\"}],\"inLanguage\":\"en-US\"},{\"@type\":\"Organization\",\"@id\":\"https:\/\/univerziada.stuba.sk\/#organization\",\"name\":\"Univerziada\",\"url\":\"https:\/\/univerziada.stuba.sk\/\",\"logo\":{\"@type\":\"ImageObject\",\"inLanguage\":\"en-US\",\"@id\":\"https:\/\/univerziada.stuba.sk\/#\/schema\/logo\/image\/\",\"url\":\"https:\/\/univerziada.stuba.sk\/wp-content\/uploads\/2024\/03\/univerziada_logo-e1710279978826.png\",\"contentUrl\":\"https:\/\/univerziada.stuba.sk\/wp-content\/uploads\/2024\/03\/univerziada_logo-e1710279978826.png\",\"width\":109,\"height\":187,\"caption\":\"Univerziada\"},\"image\":{\"@id\":\"https:\/\/univerziada.stuba.sk\/#\/schema\/logo\/image\/\"}},{\"@type\":\"Person\",\"@id\":\"https:\/\/univerziada.stuba.sk\/#\/schema\/person\/57d0556d270be0e61096cab369d3c470\",\"name\":\"admin\",\"image\":{\"@type\":\"ImageObject\",\"inLanguage\":\"en-US\",\"@id\":\"https:\/\/univerziada.stuba.sk\/#\/schema\/person\/image\/\",\"url\":\"https:\/\/secure.gravatar.com\/avatar\/44b5de10c2406e508abcc5dee5908a73517df771b2b0509c412366a39e598189?s=96&d=mm&r=g\",\"contentUrl\":\"https:\/\/secure.gravatar.com\/avatar\/44b5de10c2406e508abcc5dee5908a73517df771b2b0509c412366a39e598189?s=96&d=mm&r=g\",\"caption\":\"admin\"},\"sameAs\":[\"https:\/\/univerziada.stuba.sk\"],\"url\":\"https:\/\/univerziada.stuba.sk\/?author=1\"}]}<\/script>\n<!-- \/ Yoast SEO plugin. -->","yoast_head_json":{"title":"Pr\u00edhovor prorektora pre informatiz\u00e1ciu a \u0161port a z\u00e1rove\u0148 predsedu organiza\u010dn\u00e9ho v\u00fdboru Letnej Univerzi\u00e1dy SR 2024 - Univerziada","robots":{"index":"index","follow":"follow","max-snippet":"max-snippet:-1","max-image-preview":"max-image-preview:large","max-video-preview":"max-video-preview:-1"},"canonical":"https:\/\/univerziada.stuba.sk\/?p=1168","og_locale":"en_US","og_type":"article","og_title":"Pr\u00edhovor prorektora pre informatiz\u00e1ciu a \u0161port a z\u00e1rove\u0148 predsedu organiza\u010dn\u00e9ho v\u00fdboru Letnej Univerzi\u00e1dy SR 2024 - Univerziada","og_description":"V\u00e1\u017een\u00e9 d\u00e1my, v\u00e1\u017een\u00ed p\u00e1ni, ctihodn\u00ed \u0161portovci, tr\u00e9neri, rozhodcovia, dobrovo\u013en\u00edci, \u010dlenovia organiza\u010dn\u00e9ho t\u00edmu, hostia. Je mi nesmiernou c\u0165ou priv\u00edta\u0165 V\u00e1s na str\u00e1nkach Letnej Univerzi\u00e1dy 2024, ktor\u00e1 sa bude kona\u0165 v\u00a0d\u0148och 1.\u00a0a\u017e\u00a06.\u00a0septembra 2024. LU2024 je organizovan\u00e1 pod z\u00e1\u0161titou a\u00a0za podpory Ministerstva \u0161kolstva,\u00a0v\u00fdskumu, v\u00fdvoja a\u00a0ml\u00e1de\u017ee\u00a0Slovenskej republiky (M\u0160VVaM SR), za podpory.Slovenskej asoci\u00e1cie univerzitn\u00e9ho \u0161portu (SAU\u0160) a\u00a0samotn\u00fdm organiz\u00e1torom &#8211; Slovenskou [&hellip;]","og_url":"https:\/\/univerziada.stuba.sk\/?p=1168","og_site_name":"Univerziada","article_published_time":"2024-03-27T10:53:01+00:00","article_modified_time":"2024-04-04T07:20:23+00:00","og_image":[{"width":109,"height":187,"url":"https:\/\/univerziada.stuba.sk\/wp-content\/uploads\/2024\/03\/univerziada_logo-e1710279978826.png","type":"image\/png"}],"author":"admin","twitter_card":"summary_large_image","twitter_misc":{"Written by":"admin","Est. reading time":"3 minutes"},"schema":{"@context":"https:\/\/schema.org","@graph":[{"@type":"Article","@id":"https:\/\/univerziada.stuba.sk\/?p=1168#article","isPartOf":{"@id":"https:\/\/univerziada.stuba.sk\/?p=1168"},"author":{"name":"admin","@id":"https:\/\/univerziada.stuba.sk\/#\/schema\/person\/57d0556d270be0e61096cab369d3c470"},"headline":"Pr\u00edhovor prorektora pre informatiz\u00e1ciu a \u0161port a z\u00e1rove\u0148 predsedu organiza\u010dn\u00e9ho v\u00fdboru Letnej Univerzi\u00e1dy SR 2024","datePublished":"2024-03-27T10:53:01+00:00","dateModified":"2024-04-04T07:20:23+00:00","mainEntityOfPage":{"@id":"https:\/\/univerziada.stuba.sk\/?p=1168"},"wordCount":538,"publisher":{"@id":"https:\/\/univerziada.stuba.sk\/#organization"},"image":{"@id":"https:\/\/univerziada.stuba.sk\/?p=1168#primaryimage"},"thumbnailUrl":"https:\/\/univerziada.stuba.sk\/wp-content\/uploads\/2024\/03\/univerziada_logo-e1710279978826.png","articleSection":["PR\u00cdHOVORY"],"inLanguage":"en-US"},{"@type":"WebPage","@id":"https:\/\/univerziada.stuba.sk\/?p=1168","url":"https:\/\/univerziada.stuba.sk\/?p=1168","name":"Pr\u00edhovor prorektora pre informatiz\u00e1ciu a \u0161port a z\u00e1rove\u0148 predsedu organiza\u010dn\u00e9ho v\u00fdboru Letnej Univerzi\u00e1dy SR 2024 - Univerziada","isPartOf":{"@id":"https:\/\/univerziada.stuba.sk\/#website"},"primaryImageOfPage":{"@id":"https:\/\/univerziada.stuba.sk\/?p=1168#primaryimage"},"image":{"@id":"https:\/\/univerziada.stuba.sk\/?p=1168#primaryimage"},"thumbnailUrl":"https:\/\/univerziada.stuba.sk\/wp-content\/uploads\/2024\/03\/univerziada_logo-e1710279978826.png","datePublished":"2024-03-27T10:53:01+00:00","dateModified":"2024-04-04T07:20:23+00:00","breadcrumb":{"@id":"https:\/\/univerziada.stuba.sk\/?p=1168#breadcrumb"},"inLanguage":"en-US","potentialAction":[{"@type":"ReadAction","target":["https:\/\/univerziada.stuba.sk\/?p=1168"]}]},{"@type":"ImageObject","inLanguage":"en-US","@id":"https:\/\/univerziada.stuba.sk\/?p=1168#primaryimage","url":"https:\/\/univerziada.stuba.sk\/wp-content\/uploads\/2024\/03\/univerziada_logo-e1710279978826.png","contentUrl":"https:\/\/univerziada.stuba.sk\/wp-content\/uploads\/2024\/03\/univerziada_logo-e1710279978826.png","width":109,"height":187,"caption":"Letn\u00e1 univerzi\u00e1da SR"},{"@type":"BreadcrumbList","@id":"https:\/\/univerziada.stuba.sk\/?p=1168#breadcrumb","itemListElement":[{"@type":"ListItem","position":1,"name":"Home","item":"https:\/\/univerziada.stuba.sk\/"},{"@type":"ListItem","position":2,"name":"Pr\u00edhovor prorektora pre informatiz\u00e1ciu a \u0161port a z\u00e1rove\u0148 predsedu organiza\u010dn\u00e9ho v\u00fdboru Letnej Univerzi\u00e1dy SR 2024"}]},{"@type":"WebSite","@id":"https:\/\/univerziada.stuba.sk\/#website","url":"https:\/\/univerziada.stuba.sk\/","name":"Univerziada","description":"Letn\u00e1 univerzi\u00e1da Slovenskej republiky 2024","publisher":{"@id":"https:\/\/univerziada.stuba.sk\/#organization"},"potentialAction":[{"@type":"SearchAction","target":{"@type":"EntryPoint","urlTemplate":"https:\/\/univerziada.stuba.sk\/?s={search_term_string}"},"query-input":"required name=search_term_string"}],"inLanguage":"en-US"},{"@type":"Organization","@id":"https:\/\/univerziada.stuba.sk\/#organization","name":"Univerziada","url":"https:\/\/univerziada.stuba.sk\/","logo":{"@type":"ImageObject","inLanguage":"en-US","@id":"https:\/\/univerziada.stuba.sk\/#\/schema\/logo\/image\/","url":"https:\/\/univerziada.stuba.sk\/wp-content\/uploads\/2024\/03\/univerziada_logo-e1710279978826.png","contentUrl":"https:\/\/univerziada.stuba.sk\/wp-content\/uploads\/2024\/03\/univerziada_logo-e1710279978826.png","width":109,"height":187,"caption":"Univerziada"},"image":{"@id":"https:\/\/univerziada.stuba.sk\/#\/schema\/logo\/image\/"}},{"@type":"Person","@id":"https:\/\/univerziada.stuba.sk\/#\/schema\/person\/57d0556d270be0e61096cab369d3c470","name":"admin","image":{"@type":"ImageObject","inLanguage":"en-US","@id":"https:\/\/univerziada.stuba.sk\/#\/schema\/person\/image\/","url":"https:\/\/secure.gravatar.com\/avatar\/44b5de10c2406e508abcc5dee5908a73517df771b2b0509c412366a39e598189?s=96&d=mm&r=g","contentUrl":"https:\/\/secure.gravatar.com\/avatar\/44b5de10c2406e508abcc5dee5908a73517df771b2b0509c412366a39e598189?s=96&d=mm&r=g","caption":"admin"},"sameAs":["https:\/\/univerziada.stuba.sk"],"url":"https:\/\/univerziada.stuba.sk\/?author=1"}]}},"_links":{"self":[{"href":"https:\/\/univerziada.stuba.sk\/index.php?rest_route=\/wp\/v2\/posts\/1168","targetHints":{"allow":["GET"]}}],"collection":[{"href":"https:\/\/univerziada.stuba.sk\/index.php?rest_route=\/wp\/v2\/posts"}],"about":[{"href":"https:\/\/univerziada.stuba.sk\/index.php?rest_route=\/wp\/v2\/types\/post"}],"author":[{"embeddable":true,"href":"https:\/\/univerziada.stuba.sk\/index.php?rest_route=\/wp\/v2\/users\/1"}],"replies":[{"embeddable":true,"href":"https:\/\/univerziada.stuba.sk\/index.php?rest_route=%2Fwp%2Fv2%2Fcomments&post=1168"}],"version-history":[{"count":25,"href":"https:\/\/univerziada.stuba.sk\/index.php?rest_route=\/wp\/v2\/posts\/1168\/revisions"}],"predecessor-version":[{"id":1350,"href":"https:\/\/univerziada.stuba.sk\/index.php?rest_route=\/wp\/v2\/posts\/1168\/revisions\/1350"}],"wp:featuredmedia":[{"embeddable":true,"href":"https:\/\/univerziada.stuba.sk\/index.php?rest_route=\/wp\/v2\/media\/81"}],"wp:attachment":[{"href":"https:\/\/univerziada.stuba.sk\/index.php?rest_route=%2Fwp%2Fv2%2Fmedia&parent=1168"}],"wp:term":[{"taxonomy":"category","embeddable":true,"href":"https:\/\/univerziada.stuba.sk\/index.php?rest_route=%2Fwp%2Fv2%2Fcategories&post=1168"},{"taxonomy":"post_tag","embeddable":true,"href":"https:\/\/univerziada.stuba.sk\/index.php?rest_route=%2Fwp%2Fv2%2Ftags&post=1168"}],"curies":[{"name":"wp","href":"https:\/\/api.w.org\/{rel}","templated":true}]}}